{"id":2964,"date":"2016-12-09T10:27:49","date_gmt":"2016-12-09T10:27:49","guid":{"rendered":"http:\/\/chor.fuw.edu.pl\/?p=2964"},"modified":"2025-06-03T14:46:10","modified_gmt":"2025-06-03T12:46:10","slug":"wigilia-wydzialowa-2","status":"publish","type":"post","link":"https:\/\/chor.fuw.edu.pl\/index.php\/2016\/12\/09\/wigilia-wydzialowa-2\/","title":{"rendered":"Wigilia wydzia\u0142owa"},"content":{"rendered":"<p>W czwartek 15 grudnia o godz. 18:00 b\u0119dziemy kol\u0119dowa\u0107 na naszym wydziale, zapraszamy!<\/p>\n<p>B\u0119dziemy \u015bpiewa\u0107 zar\u00f3wno a cappella, jak i z towarzyszeniem fortepianu. Talenty pianistyczne zdradzaj\u0105 u nas bowiem: Aleksander Bogucki (to ju\u017c nie nowina), Monika Laskowska, Pawe\u0142 Traczyk i Marcin Zaj\u0105c \ud83d\ude42 Jako solistki wyst\u0105pi\u0105 natomiast Alicja Kosim, Agata Pi\u0105d\u0142owska, Marta Jankowska i Aleksandra Hamanowicz, nasze znakomite ch\u00f3rzystki. W repertuarze g\u0142\u00f3wnie tradycyjne, polskie kol\u0119dy. DO ZOBACZENIA!<\/p>\n<p><img fetchpriority=\"high\" decoding=\"async\" class=\"aligncenter wp-image-2965\" src=\"http:\/\/chor.fuw.edu.pl\/wp-content\/uploads\/2016\/12\/original_Music_decorations.jpg\" alt=\"original_Music_decorations\" width=\"607\" height=\"607\" \/><\/p>\n","protected":false},"excerpt":{"rendered":"<p>W czwartek 15 grudnia o godz. 18:00 b\u0119dziemy kol\u0119dowa\u0107 na naszym wydziale, zapraszamy! B\u0119dziemy \u015bpiewa\u0107 zar\u00f3wno a cappella, jak i z towarzyszeniem fortepianu. Talenty pianistyczne zdradzaj\u0105 u nas bowiem: Aleksander <a href=\"https:\/\/chor.fuw.edu.pl\/index.php\/2016\/12\/09\/wigilia-wydzialowa-2\/\" rel=\"nofollow\"><span class=\"sr-only\">Read more about Wigilia wydzia\u0142owa<\/span>[&hellip;]<\/a><\/p>\n","protected":false},"author":1,"featured_media":0,"comment_status":"closed","ping_status":"open","sticky":false,"template":"","format":"standard","meta":{"footnotes":""},"categories":[1],"tags":[],"class_list":["post-2964","post","type-post","status-publish","format-standard","hentry","category-bez-kategorii"],"_links":{"self":[{"href":"https:\/\/chor.fuw.edu.pl\/index.php\/wp-json\/wp\/v2\/posts\/2964","targetHints":{"allow":["GET"]}}],"collection":[{"href":"https:\/\/chor.fuw.edu.pl\/index.php\/wp-json\/wp\/v2\/posts"}],"about":[{"href":"https:\/\/chor.fuw.edu.pl\/index.php\/wp-json\/wp\/v2\/types\/post"}],"author":[{"embeddable":true,"href":"https:\/\/chor.fuw.edu.pl\/index.php\/wp-json\/wp\/v2\/users\/1"}],"replies":[{"embeddable":true,"href":"https:\/\/chor.fuw.edu.pl\/index.php\/wp-json\/wp\/v2\/comments?post=2964"}],"version-history":[{"count":1,"href":"https:\/\/chor.fuw.edu.pl\/index.php\/wp-json\/wp\/v2\/posts\/2964\/revisions"}],"predecessor-version":[{"id":4890,"href":"https:\/\/chor.fuw.edu.pl\/index.php\/wp-json\/wp\/v2\/posts\/2964\/revisions\/4890"}],"wp:attachment":[{"href":"https:\/\/chor.fuw.edu.pl\/index.php\/wp-json\/wp\/v2\/media?parent=2964"}],"wp:term":[{"taxonomy":"category","embeddable":true,"href":"https:\/\/chor.fuw.edu.pl\/index.php\/wp-json\/wp\/v2\/categories?post=2964"},{"taxonomy":"post_tag","embeddable":true,"href":"https:\/\/chor.fuw.edu.pl\/index.php\/wp-json\/wp\/v2\/tags?post=2964"}],"curies":[{"name":"wp","href":"https:\/\/api.w.org\/{rel}","templated":true}]}}