{"id":2880,"date":"2016-06-06T11:27:06","date_gmt":"2016-06-06T11:27:06","guid":{"rendered":"http:\/\/chor.fuw.edu.pl\/?p=2880"},"modified":"2025-06-03T14:46:15","modified_gmt":"2025-06-03T12:46:15","slug":"uniwersytecki-wehikul-czasu","status":"publish","type":"post","link":"https:\/\/chor.fuw.edu.pl\/index.php\/2016\/06\/06\/uniwersytecki-wehikul-czasu\/","title":{"rendered":"Uniwersytecki wehiku\u0142 czasu"},"content":{"rendered":"<p>11 czerwca pojawimy si\u0119 na Krakowskim Przedmie\u015bciu nie tylko ze \u015bpiewem na ustach, ale tak\u017ce w specjalnie na ten dzie\u0144 przygotowanych strojach XIX &#8211; wiecznych!<\/p>\n<p>Zapraszamy serdecznie na godz. 13:30 do Sali Kolumnowej na Wydziale Historycznym UW, gdzie wykonamy pie\u015bni sprzed 200 lat i mo\u017cna b\u0119dzie za\u015bpiewa\u0107 je razem z nami.<\/p>\n<p>Program imprezy na stronie\u00a0<a href=\"https:\/\/uw200.uw.edu.pl\/pl\/wehikul\/\">uw200.uw.edu.pl\/pl\/wehikul\/<\/a><\/p>\n<p>Opis\u00a0naszych warsztat\u00f3w:<\/p>\n<p>Warsztaty muzyczne z udzia\u0142em student\u00f3w z Ch\u00f3ru Wydzia\u0142u Fizyki UW pod kierunkiem Katarzyny P\u0142o\u0144skiej b\u0119d\u0105 okazj\u0105 do poznania, a nawet wykonania wybranych \u201e\u015apiew\u00f3w historycznych\u201d ze zbioru Juliana Ursyna Niemcewicza, wydanego w 1816 roku. Zbi\u00f3r ten, kt\u00f3rego pe\u0142na nazwa brzmi \u00a0\u201e\u015apiewy historyczne z muzyk\u0105 i rycinami&#8221; obejmuje 34 pie\u015bni, po\u015bwi\u0119cone istotnym postaciom oraz wydarzeniom z historii Polski. Ich powstaniu przy\u015bwieca\u0142a idea podtrzymania \u015bwiadomo\u015bci narodowej, mia\u0142y one \u201ewspomina\u0107 m\u0142odzie\u017cy o dzie\u0142ach jej przodk\u00f3w, da\u0107 jej pozna\u0107 naj\u015bwietniejsze narodu epoki, stowarzyszy\u0107 mi\u0142o\u015b\u0107 ojczyzny z najpierwszymi pami\u0119ci wra\u017ceniami. By zwi\u0119z\u0142o\u015bci\u0105 rym\u00f3w, a nade wszystko wdzi\u0119kiem pienia, wiadomo\u015b\u0107 dziej\u00f3w ojczystych sta\u0142a si\u0119 m\u0142odzie\u017cy powabn\u0105, wszystkim powszechn\u0105\u201d. Podczas warsztat\u00f3w, po 200 latach od powstania zabrzmi\u0105 dwie z nich \u201eJadwiga Kr\u00f3lowa Polska\u201d z muzyk\u0105 Marii Szymanowskiej oraz \u201eW\u0142adys\u0142aw Jagie\u0142\u0142o\u201d z muzyk\u0105 Franciszka Lessla.<\/p>\n<p>&nbsp;<\/p>\n<p><a href=\"http:\/\/chor.fuw.edu.pl\/wp-content\/uploads\/2016\/06\/wehikul200.jpg\"><img fetchpriority=\"high\" decoding=\"async\" class=\"aligncenter size-thumbnail wp-image-2881\" src=\"http:\/\/chor.fuw.edu.pl\/wp-content\/uploads\/2016\/06\/wehikul200-600x600.jpg\" alt=\"wehikul200\" width=\"600\" height=\"600\" \/><\/a><\/p>\n","protected":false},"excerpt":{"rendered":"<p>11 czerwca pojawimy si\u0119 na Krakowskim Przedmie\u015bciu nie tylko ze \u015bpiewem na ustach, ale tak\u017ce w specjalnie na ten dzie\u0144 przygotowanych strojach XIX &#8211; wiecznych! Zapraszamy serdecznie na godz. 13:30 <a href=\"https:\/\/chor.fuw.edu.pl\/index.php\/2016\/06\/06\/uniwersytecki-wehikul-czasu\/\" rel=\"nofollow\"><span class=\"sr-only\">Read more about Uniwersytecki wehiku\u0142 czasu<\/span>[&hellip;]<\/a><\/p>\n","protected":false},"author":1,"featured_media":0,"comment_status":"closed","ping_status":"open","sticky":false,"template":"","format":"standard","meta":{"footnotes":""},"categories":[1],"tags":[],"class_list":["post-2880","post","type-post","status-publish","format-standard","hentry","category-bez-kategorii"],"_links":{"self":[{"href":"https:\/\/chor.fuw.edu.pl\/index.php\/wp-json\/wp\/v2\/posts\/2880","targetHints":{"allow":["GET"]}}],"collection":[{"href":"https:\/\/chor.fuw.edu.pl\/index.php\/wp-json\/wp\/v2\/posts"}],"about":[{"href":"https:\/\/chor.fuw.edu.pl\/index.php\/wp-json\/wp\/v2\/types\/post"}],"author":[{"embeddable":true,"href":"https:\/\/chor.fuw.edu.pl\/index.php\/wp-json\/wp\/v2\/users\/1"}],"replies":[{"embeddable":true,"href":"https:\/\/chor.fuw.edu.pl\/index.php\/wp-json\/wp\/v2\/comments?post=2880"}],"version-history":[{"count":1,"href":"https:\/\/chor.fuw.edu.pl\/index.php\/wp-json\/wp\/v2\/posts\/2880\/revisions"}],"predecessor-version":[{"id":4894,"href":"https:\/\/chor.fuw.edu.pl\/index.php\/wp-json\/wp\/v2\/posts\/2880\/revisions\/4894"}],"wp:attachment":[{"href":"https:\/\/chor.fuw.edu.pl\/index.php\/wp-json\/wp\/v2\/media?parent=2880"}],"wp:term":[{"taxonomy":"category","embeddable":true,"href":"https:\/\/chor.fuw.edu.pl\/index.php\/wp-json\/wp\/v2\/categories?post=2880"},{"taxonomy":"post_tag","embeddable":true,"href":"https:\/\/chor.fuw.edu.pl\/index.php\/wp-json\/wp\/v2\/tags?post=2880"}],"curies":[{"name":"wp","href":"https:\/\/api.w.org\/{rel}","templated":true}]}}